{"id":3605,"date":"2016-05-20T14:32:44","date_gmt":"2016-05-20T12:32:44","guid":{"rendered":"http:\/\/urbanpromo.it\/info\/?p=3605"},"modified":"2023-10-06T15:15:52","modified_gmt":"2023-10-06T13:15:52","slug":"piano-di-sviluppo-di-amma-a-urbanpromo-una-strategia-di-sviluppo-di-area-vasta","status":"publish","type":"post","link":"https:\/\/urbanpromo.it\/info\/piano-di-sviluppo-di-amma-a-urbanpromo-una-strategia-di-sviluppo-di-area-vasta\/","title":{"rendered":"Piano di sviluppo di Amma: a Urbanpromo una strategia di sviluppo di area vasta"},"content":{"rendered":"<p><em><strong>20\/05\/2016<\/strong><\/em><br \/>\n\u201cPiattaforma intelligente di incontro dei soggetti competenti per un Progetto Integrato di Territorio\u201d: cos\u00ec Claudio Centanni, dirigente del settore Pianificazione Urbanistica del Comune di Ancona, descrive in modo sintetico il <a href=\"http:\/\/urbanpromo.it\/2015\/progetti\/piano-di-sviluppo-dellarea-metropolitana-medio-adriatica_amma\/\" target=\"_blank\" rel=\"noopener\">Piano di sviluppo dell\u2019area Metropolitana Medio \u2013 Adriatica (Amma)<\/a>, presentato a Urbanpromo e disponibile della gallery di <a href=\"http:\/\/www.urbanpromo.it\">www.urbanpromo.it<\/a>, di cui il capoluogo marchigiano \u00e8 capofila. <!--more--><\/p>\n<p>Il progetto nasce da lontano, addirittura nel 2007, quando da una rimodulazione del Programma operativo nazionale il Ministero delle Infrastrutture diede l\u2019assenso alla realizzazione di un piano integrato per una area pi\u00f9 vasta della sola citt\u00e0 di Ancona, destinataria del vecchio progetto infrastrutturale che riguardava i nodi portuale e ferroviario.<\/p>\n<p>Alla firma del primo protocollo di Amma, nel 2014, sono coinvolti 39 Comuni, che l\u2019anno successivo passano a 47, la totalit\u00e0 di quelli della provincia di Ancona. Nel 2014 viene redatto e consegnato al Ministero il documento preliminare: \u00e8, di fatto, la nascita del progetto. Vengono individuati cinque scenari di sviluppo, direttrici lungo le quali dovr\u00e0 dispiegarsi la strategia del piano: supporto al sistema produttivo; cluster integrato per la logistica; fabbrica di sviluppo culturalmente orientato; territorio della resilienza; laboratorio per la rigenerazione urbana e l\u2019inclusione sociale.<\/p>\n<p>Sulla base di queste direttrici, i Comuni coinvolti segnalano possibili interventi e fanno proposte. Si arriva a circa 300 \u201cschede di interventi\u201d che danno vita alla seconda fase relativa al Documento di Approfondimento redatto con il contributo di cinque tavoli specifici, ognuno di questi guidato da stakeholder e organizzazioni particolarmente qualificate nel settore di riferimento. I cinque asset diventano cinque progetti: 01_promozione turistica del territorio, 02_resilienza del territorio (sicurezza idraulica e idrogeologica), 03_sostenibilit\u00e0 energetica del territorio, 04_mobilit\u00e0 integrata del territorio, 05_efficienza della pubblica amministrazione per il territorio.<\/p>\n<p>Fase fondamentale del processo sar\u00e0 la Conferenza metropolitana, che si terr\u00e0 entro il giugno prossimo. Vi parteciperanno, oltre ai Comuni, veri motori del piano di sviluppo, i soggetti che nel processo hanno giocato un ruolo centrale per la ricostruzione degli obiettivi e l\u2019affinamento dei progetti. Vi saranno rappresentati, ad esempio, le associazioni di categoria: Camera di Commercio,\u00a0Confindustria,\u00a0ANCE, CGA, CNA,\u00a0l&#8217;Autorit\u00e0 Portuale, RFI, ANAS, Aerdorica, Interporto Marche, oltre ai servizi tecnici degli enti territoriali: Regione Marche e Provincia di Ancona . Quello sar\u00e0 il momento decisivo per i tanti attori in gioco, si capir\u00e0 quante delle proposte \u201cdal basso\u201d avranno gambe e respiro per essere condivisi da pi\u00f9 soggetti, pubblici e privati, e \u201candare a caccia\u201d dei finanziamenti, a cominciare da quelli europei della programmazione 2014-2020\u00a0diretti e indiretti ma anche quelli di rango nazionale e regionale.<\/p>\n","protected":false},"excerpt":{"rendered":"<p>20\/05\/2016 \u201cPiattaforma intelligente di incontro dei soggetti competenti per un Progetto Integrato di Territorio\u201d: cos\u00ec Claudio Centanni, dirigente del settore Pianificazione Urbanistica del Comune di Ancona, descrive in modo sintetico il Piano di sviluppo dell\u2019area Metropolitana Medio \u2013 Adriatica (Amma), presentato a Urbanpromo e disponibile della gallery di www.urbanpromo.it, di cui il capoluogo marchigiano \u00e8 &#8230;<\/p>\n","protected":false},"author":50,"featured_media":3811,"comment_status":"closed","ping_status":"closed","sticky":false,"template":"","format":"standard","meta":{"_acf_changed":false,"footnotes":""},"categories":[19],"tags":[],"class_list":["post-3605","post","type-post","status-publish","format-standard","has-post-thumbnail","hentry","category-approfondimenti"],"acf":[],"yoast_head":"<!-- This site is optimized with the Yoast SEO plugin v27.4 - https:\/\/yoast.com\/product\/yoast-seo-wordpress\/ -->\n<title>Piano di sviluppo di Amma: a Urbanpromo una strategia di sviluppo di area vasta - urbanpromo<\/title>\n<meta name=\"robots\" content=\"index, follow, max-snippet:-1, max-image-preview:large, max-video-preview:-1\" \/>\n<link rel=\"canonical\" href=\"https:\/\/urbanpromo.it\/info\/piano-di-sviluppo-di-amma-a-urbanpromo-una-strategia-di-sviluppo-di-area-vasta\/\" \/>\n<meta property=\"og:locale\" content=\"it_IT\" \/>\n<meta property=\"og:type\" content=\"article\" \/>\n<meta property=\"og:title\" content=\"Piano di sviluppo di Amma: a Urbanpromo una strategia di sviluppo di area vasta - urbanpromo\" \/>\n<meta property=\"og:description\" content=\"20\/05\/2016 \u201cPiattaforma intelligente di incontro dei soggetti competenti per un Progetto Integrato di Territorio\u201d: cos\u00ec Claudio Centanni, dirigente del settore Pianificazione Urbanistica del Comune di Ancona, descrive in modo sintetico il Piano di sviluppo dell\u2019area Metropolitana Medio \u2013 Adriatica (Amma), presentato a Urbanpromo e disponibile della gallery di www.urbanpromo.it, di cui il capoluogo marchigiano \u00e8 ...\" \/>\n<meta property=\"og:url\" content=\"https:\/\/urbanpromo.it\/info\/piano-di-sviluppo-di-amma-a-urbanpromo-una-strategia-di-sviluppo-di-area-vasta\/\" \/>\n<meta property=\"og:site_name\" content=\"urbanpromo\" \/>\n<meta property=\"article:published_time\" content=\"2016-05-20T12:32:44+00:00\" \/>\n<meta property=\"article:modified_time\" content=\"2023-10-06T13:15:52+00:00\" \/>\n<meta property=\"og:image\" content=\"https:\/\/urbanpromo.it\/content\/uploads\/sites\/2\/2016\/06\/COPERTINA_Approfondimenti-20151.jpg\" \/>\n\t<meta property=\"og:image:width\" content=\"1757\" \/>\n\t<meta property=\"og:image:height\" content=\"1757\" \/>\n\t<meta property=\"og:image:type\" content=\"image\/jpeg\" \/>\n<meta name=\"twitter:card\" content=\"summary_large_image\" \/>\n<meta name=\"twitter:label1\" content=\"Written by\" \/>\n\t<meta name=\"twitter:data1\" content=\"\" \/>\n\t<meta name=\"twitter:label2\" content=\"Est. reading time\" \/>\n\t<meta name=\"twitter:data2\" content=\"2 minuti\" \/>\n<script type=\"application\/ld+json\" class=\"yoast-schema-graph\">{\"@context\":\"https:\\\/\\\/schema.org\",\"@graph\":[{\"@type\":\"Article\",\"@id\":\"https:\\\/\\\/urbanpromo.it\\\/info\\\/piano-di-sviluppo-di-amma-a-urbanpromo-una-strategia-di-sviluppo-di-area-vasta\\\/#article\",\"isPartOf\":{\"@id\":\"https:\\\/\\\/urbanpromo.it\\\/info\\\/piano-di-sviluppo-di-amma-a-urbanpromo-una-strategia-di-sviluppo-di-area-vasta\\\/\"},\"author\":{\"name\":\"\",\"@id\":\"\"},\"headline\":\"Piano di sviluppo di Amma: a Urbanpromo una strategia di sviluppo di area vasta\",\"datePublished\":\"2016-05-20T12:32:44+00:00\",\"dateModified\":\"2023-10-06T13:15:52+00:00\",\"mainEntityOfPage\":{\"@id\":\"https:\\\/\\\/urbanpromo.it\\\/info\\\/piano-di-sviluppo-di-amma-a-urbanpromo-una-strategia-di-sviluppo-di-area-vasta\\\/\"},\"wordCount\":428,\"image\":{\"@id\":\"https:\\\/\\\/urbanpromo.it\\\/info\\\/piano-di-sviluppo-di-amma-a-urbanpromo-una-strategia-di-sviluppo-di-area-vasta\\\/#primaryimage\"},\"thumbnailUrl\":\"https:\\\/\\\/urbanpromo.it\\\/content\\\/uploads\\\/sites\\\/2\\\/2016\\\/06\\\/COPERTINA_Approfondimenti-20151.jpg\",\"articleSection\":[\"2 - Approfondimenti\"],\"inLanguage\":\"it-IT\"},{\"@type\":\"WebPage\",\"@id\":\"https:\\\/\\\/urbanpromo.it\\\/info\\\/piano-di-sviluppo-di-amma-a-urbanpromo-una-strategia-di-sviluppo-di-area-vasta\\\/\",\"url\":\"https:\\\/\\\/urbanpromo.it\\\/info\\\/piano-di-sviluppo-di-amma-a-urbanpromo-una-strategia-di-sviluppo-di-area-vasta\\\/\",\"name\":\"Piano di sviluppo di Amma: a Urbanpromo una strategia di sviluppo di area vasta - urbanpromo\",\"isPartOf\":{\"@id\":\"https:\\\/\\\/urbanpromo.it\\\/info\\\/#website\"},\"primaryImageOfPage\":{\"@id\":\"https:\\\/\\\/urbanpromo.it\\\/info\\\/piano-di-sviluppo-di-amma-a-urbanpromo-una-strategia-di-sviluppo-di-area-vasta\\\/#primaryimage\"},\"image\":{\"@id\":\"https:\\\/\\\/urbanpromo.it\\\/info\\\/piano-di-sviluppo-di-amma-a-urbanpromo-una-strategia-di-sviluppo-di-area-vasta\\\/#primaryimage\"},\"thumbnailUrl\":\"https:\\\/\\\/urbanpromo.it\\\/content\\\/uploads\\\/sites\\\/2\\\/2016\\\/06\\\/COPERTINA_Approfondimenti-20151.jpg\",\"datePublished\":\"2016-05-20T12:32:44+00:00\",\"dateModified\":\"2023-10-06T13:15:52+00:00\",\"author\":{\"@id\":\"\"},\"breadcrumb\":{\"@id\":\"https:\\\/\\\/urbanpromo.it\\\/info\\\/piano-di-sviluppo-di-amma-a-urbanpromo-una-strategia-di-sviluppo-di-area-vasta\\\/#breadcrumb\"},\"inLanguage\":\"it-IT\",\"potentialAction\":[{\"@type\":\"ReadAction\",\"target\":[\"https:\\\/\\\/urbanpromo.it\\\/info\\\/piano-di-sviluppo-di-amma-a-urbanpromo-una-strategia-di-sviluppo-di-area-vasta\\\/\"]}]},{\"@type\":\"ImageObject\",\"inLanguage\":\"it-IT\",\"@id\":\"https:\\\/\\\/urbanpromo.it\\\/info\\\/piano-di-sviluppo-di-amma-a-urbanpromo-una-strategia-di-sviluppo-di-area-vasta\\\/#primaryimage\",\"url\":\"https:\\\/\\\/urbanpromo.it\\\/content\\\/uploads\\\/sites\\\/2\\\/2016\\\/06\\\/COPERTINA_Approfondimenti-20151.jpg\",\"contentUrl\":\"https:\\\/\\\/urbanpromo.it\\\/content\\\/uploads\\\/sites\\\/2\\\/2016\\\/06\\\/COPERTINA_Approfondimenti-20151.jpg\",\"width\":1757,\"height\":1757},{\"@type\":\"BreadcrumbList\",\"@id\":\"https:\\\/\\\/urbanpromo.it\\\/info\\\/piano-di-sviluppo-di-amma-a-urbanpromo-una-strategia-di-sviluppo-di-area-vasta\\\/#breadcrumb\",\"itemListElement\":[{\"@type\":\"ListItem\",\"position\":1,\"name\":\"Home\",\"item\":\"https:\\\/\\\/urbanpromo.it\\\/info\\\/\"},{\"@type\":\"ListItem\",\"position\":2,\"name\":\"Piano di sviluppo di Amma: a Urbanpromo una strategia di sviluppo di area vasta\"}]},{\"@type\":\"WebSite\",\"@id\":\"https:\\\/\\\/urbanpromo.it\\\/info\\\/#website\",\"url\":\"https:\\\/\\\/urbanpromo.it\\\/info\\\/\",\"name\":\"urbanpromo\",\"description\":\"22^ edizione\",\"potentialAction\":[{\"@type\":\"SearchAction\",\"target\":{\"@type\":\"EntryPoint\",\"urlTemplate\":\"https:\\\/\\\/urbanpromo.it\\\/info\\\/?s={search_term_string}\"},\"query-input\":{\"@type\":\"PropertyValueSpecification\",\"valueRequired\":true,\"valueName\":\"search_term_string\"}}],\"inLanguage\":\"it-IT\"},{\"@type\":\"Person\",\"@id\":\"\",\"url\":\"https:\\\/\\\/urbanpromo.it\\\/info\\\/author\\\/\"}]}<\/script>\n<!-- \/ Yoast SEO plugin. -->","yoast_head_json":{"title":"Piano di sviluppo di Amma: a Urbanpromo una strategia di sviluppo di area vasta - urbanpromo","robots":{"index":"index","follow":"follow","max-snippet":"max-snippet:-1","max-image-preview":"max-image-preview:large","max-video-preview":"max-video-preview:-1"},"canonical":"https:\/\/urbanpromo.it\/info\/piano-di-sviluppo-di-amma-a-urbanpromo-una-strategia-di-sviluppo-di-area-vasta\/","og_locale":"it_IT","og_type":"article","og_title":"Piano di sviluppo di Amma: a Urbanpromo una strategia di sviluppo di area vasta - urbanpromo","og_description":"20\/05\/2016 \u201cPiattaforma intelligente di incontro dei soggetti competenti per un Progetto Integrato di Territorio\u201d: cos\u00ec Claudio Centanni, dirigente del settore Pianificazione Urbanistica del Comune di Ancona, descrive in modo sintetico il Piano di sviluppo dell\u2019area Metropolitana Medio \u2013 Adriatica (Amma), presentato a Urbanpromo e disponibile della gallery di www.urbanpromo.it, di cui il capoluogo marchigiano \u00e8 ...","og_url":"https:\/\/urbanpromo.it\/info\/piano-di-sviluppo-di-amma-a-urbanpromo-una-strategia-di-sviluppo-di-area-vasta\/","og_site_name":"urbanpromo","article_published_time":"2016-05-20T12:32:44+00:00","article_modified_time":"2023-10-06T13:15:52+00:00","og_image":[{"width":1757,"height":1757,"url":"https:\/\/urbanpromo.it\/content\/uploads\/sites\/2\/2016\/06\/COPERTINA_Approfondimenti-20151.jpg","type":"image\/jpeg"}],"twitter_card":"summary_large_image","twitter_misc":{"Written by":"","Est. reading time":"2 minuti"},"schema":{"@context":"https:\/\/schema.org","@graph":[{"@type":"Article","@id":"https:\/\/urbanpromo.it\/info\/piano-di-sviluppo-di-amma-a-urbanpromo-una-strategia-di-sviluppo-di-area-vasta\/#article","isPartOf":{"@id":"https:\/\/urbanpromo.it\/info\/piano-di-sviluppo-di-amma-a-urbanpromo-una-strategia-di-sviluppo-di-area-vasta\/"},"author":{"name":"","@id":""},"headline":"Piano di sviluppo di Amma: a Urbanpromo una strategia di sviluppo di area vasta","datePublished":"2016-05-20T12:32:44+00:00","dateModified":"2023-10-06T13:15:52+00:00","mainEntityOfPage":{"@id":"https:\/\/urbanpromo.it\/info\/piano-di-sviluppo-di-amma-a-urbanpromo-una-strategia-di-sviluppo-di-area-vasta\/"},"wordCount":428,"image":{"@id":"https:\/\/urbanpromo.it\/info\/piano-di-sviluppo-di-amma-a-urbanpromo-una-strategia-di-sviluppo-di-area-vasta\/#primaryimage"},"thumbnailUrl":"https:\/\/urbanpromo.it\/content\/uploads\/sites\/2\/2016\/06\/COPERTINA_Approfondimenti-20151.jpg","articleSection":["2 - Approfondimenti"],"inLanguage":"it-IT"},{"@type":"WebPage","@id":"https:\/\/urbanpromo.it\/info\/piano-di-sviluppo-di-amma-a-urbanpromo-una-strategia-di-sviluppo-di-area-vasta\/","url":"https:\/\/urbanpromo.it\/info\/piano-di-sviluppo-di-amma-a-urbanpromo-una-strategia-di-sviluppo-di-area-vasta\/","name":"Piano di sviluppo di Amma: a Urbanpromo una strategia di sviluppo di area vasta - urbanpromo","isPartOf":{"@id":"https:\/\/urbanpromo.it\/info\/#website"},"primaryImageOfPage":{"@id":"https:\/\/urbanpromo.it\/info\/piano-di-sviluppo-di-amma-a-urbanpromo-una-strategia-di-sviluppo-di-area-vasta\/#primaryimage"},"image":{"@id":"https:\/\/urbanpromo.it\/info\/piano-di-sviluppo-di-amma-a-urbanpromo-una-strategia-di-sviluppo-di-area-vasta\/#primaryimage"},"thumbnailUrl":"https:\/\/urbanpromo.it\/content\/uploads\/sites\/2\/2016\/06\/COPERTINA_Approfondimenti-20151.jpg","datePublished":"2016-05-20T12:32:44+00:00","dateModified":"2023-10-06T13:15:52+00:00","author":{"@id":""},"breadcrumb":{"@id":"https:\/\/urbanpromo.it\/info\/piano-di-sviluppo-di-amma-a-urbanpromo-una-strategia-di-sviluppo-di-area-vasta\/#breadcrumb"},"inLanguage":"it-IT","potentialAction":[{"@type":"ReadAction","target":["https:\/\/urbanpromo.it\/info\/piano-di-sviluppo-di-amma-a-urbanpromo-una-strategia-di-sviluppo-di-area-vasta\/"]}]},{"@type":"ImageObject","inLanguage":"it-IT","@id":"https:\/\/urbanpromo.it\/info\/piano-di-sviluppo-di-amma-a-urbanpromo-una-strategia-di-sviluppo-di-area-vasta\/#primaryimage","url":"https:\/\/urbanpromo.it\/content\/uploads\/sites\/2\/2016\/06\/COPERTINA_Approfondimenti-20151.jpg","contentUrl":"https:\/\/urbanpromo.it\/content\/uploads\/sites\/2\/2016\/06\/COPERTINA_Approfondimenti-20151.jpg","width":1757,"height":1757},{"@type":"BreadcrumbList","@id":"https:\/\/urbanpromo.it\/info\/piano-di-sviluppo-di-amma-a-urbanpromo-una-strategia-di-sviluppo-di-area-vasta\/#breadcrumb","itemListElement":[{"@type":"ListItem","position":1,"name":"Home","item":"https:\/\/urbanpromo.it\/info\/"},{"@type":"ListItem","position":2,"name":"Piano di sviluppo di Amma: a Urbanpromo una strategia di sviluppo di area vasta"}]},{"@type":"WebSite","@id":"https:\/\/urbanpromo.it\/info\/#website","url":"https:\/\/urbanpromo.it\/info\/","name":"urbanpromo","description":"22^ edizione","potentialAction":[{"@type":"SearchAction","target":{"@type":"EntryPoint","urlTemplate":"https:\/\/urbanpromo.it\/info\/?s={search_term_string}"},"query-input":{"@type":"PropertyValueSpecification","valueRequired":true,"valueName":"search_term_string"}}],"inLanguage":"it-IT"},{"@type":"Person","@id":"","url":"https:\/\/urbanpromo.it\/info\/author\/"}]}},"_links":{"self":[{"href":"https:\/\/urbanpromo.it\/info\/wp-json\/wp\/v2\/posts\/3605","targetHints":{"allow":["GET"]}}],"collection":[{"href":"https:\/\/urbanpromo.it\/info\/wp-json\/wp\/v2\/posts"}],"about":[{"href":"https:\/\/urbanpromo.it\/info\/wp-json\/wp\/v2\/types\/post"}],"author":[{"embeddable":true,"href":"https:\/\/urbanpromo.it\/info\/wp-json\/wp\/v2\/users\/50"}],"replies":[{"embeddable":true,"href":"https:\/\/urbanpromo.it\/info\/wp-json\/wp\/v2\/comments?post=3605"}],"version-history":[{"count":0,"href":"https:\/\/urbanpromo.it\/info\/wp-json\/wp\/v2\/posts\/3605\/revisions"}],"wp:featuredmedia":[{"embeddable":true,"href":"https:\/\/urbanpromo.it\/info\/wp-json\/wp\/v2\/media\/3811"}],"wp:attachment":[{"href":"https:\/\/urbanpromo.it\/info\/wp-json\/wp\/v2\/media?parent=3605"}],"wp:term":[{"taxonomy":"category","embeddable":true,"href":"https:\/\/urbanpromo.it\/info\/wp-json\/wp\/v2\/categories?post=3605"},{"taxonomy":"post_tag","embeddable":true,"href":"https:\/\/urbanpromo.it\/info\/wp-json\/wp\/v2\/tags?post=3605"}],"curies":[{"name":"wp","href":"https:\/\/api.w.org\/{rel}","templated":true}]}}